{"id":504,"date":"2022-04-05T18:01:21","date_gmt":"2022-04-05T16:01:21","guid":{"rendered":"http:\/\/fundacjawieluserc.pl\/?p=504"},"modified":"2023-03-24T18:40:08","modified_gmt":"2023-03-24T17:40:08","slug":"3-organowe-strofy-poezja-i-muzyka-organowa","status":"publish","type":"post","link":"https:\/\/fundacjawieluserc.pl\/index.php\/2022\/04\/05\/3-organowe-strofy-poezja-i-muzyka-organowa\/","title":{"rendered":"&#8222;ORGANOWE STROFY&#8221; \ud83c\udfb9 &#8211; POEZJA I MUZYKA ORGANOWA &#8211; 24.04.2022, KO\u015aCI\u00d3\u0141 BOGURODZICY MARYI"},"content":{"rendered":"<p><\/p><figure class=\"wp-block-image size-large is-resized\"><img loading=\"lazy\" decoding=\"async\" src=\"https:\/\/fundacjawieluserc.pl\/wp-content\/uploads\/2022\/08\/Instagram-Fundacja-Szablon-29.7\u00d742-cm-210\u00d7297-mm-724x1024.jpg\" alt=\"\" class=\"wp-image-868\" width=\"385\" height=\"544\" srcset=\"https:\/\/fundacjawieluserc.pl\/wp-content\/uploads\/2022\/08\/Instagram-Fundacja-Szablon-29.7\u00d742-cm-210\u00d7297-mm-724x1024.jpg 724w, https:\/\/fundacjawieluserc.pl\/wp-content\/uploads\/2022\/08\/Instagram-Fundacja-Szablon-29.7\u00d742-cm-210\u00d7297-mm-600x849.jpg 600w, https:\/\/fundacjawieluserc.pl\/wp-content\/uploads\/2022\/08\/Instagram-Fundacja-Szablon-29.7\u00d742-cm-210\u00d7297-mm-212x300.jpg 212w, https:\/\/fundacjawieluserc.pl\/wp-content\/uploads\/2022\/08\/Instagram-Fundacja-Szablon-29.7\u00d742-cm-210\u00d7297-mm-768x1086.jpg 768w, https:\/\/fundacjawieluserc.pl\/wp-content\/uploads\/2022\/08\/Instagram-Fundacja-Szablon-29.7\u00d742-cm-210\u00d7297-mm-1086x1536.jpg 1086w, https:\/\/fundacjawieluserc.pl\/wp-content\/uploads\/2022\/08\/Instagram-Fundacja-Szablon-29.7\u00d742-cm-210\u00d7297-mm-566x800.jpg 566w, https:\/\/fundacjawieluserc.pl\/wp-content\/uploads\/2022\/08\/Instagram-Fundacja-Szablon-29.7\u00d742-cm-210\u00d7297-mm-17x24.jpg 17w, https:\/\/fundacjawieluserc.pl\/wp-content\/uploads\/2022\/08\/Instagram-Fundacja-Szablon-29.7\u00d742-cm-210\u00d7297-mm-25x36.jpg 25w, https:\/\/fundacjawieluserc.pl\/wp-content\/uploads\/2022\/08\/Instagram-Fundacja-Szablon-29.7\u00d742-cm-210\u00d7297-mm-34x48.jpg 34w, https:\/\/fundacjawieluserc.pl\/wp-content\/uploads\/2022\/08\/Instagram-Fundacja-Szablon-29.7\u00d742-cm-210\u00d7297-mm.jpg 1414w\" sizes=\"auto, (max-width: 385px) 100vw, 385px\" \/><\/figure><p><\/p><p>Kochani, mamy dla was wspania\u0142\u0105 wiosenn\u0105 wiadomo\u015b\u0107 \ud83d\ude0d Ju\u017c 24 kwietnia wsp\u00f3lnie z parafi\u0105 Bogurodzicy Maryi oraz przy wsparciu Urz\u0119du dzielnicy Bemowo odb\u0119dzie si\u0119: \ud83d\ude4c\ud83c\udffc<br>Wydarzenie s\u0142owno \u2014 muzyczne, pt.&nbsp;\u201eOrganowe Strofy. Poezja i&nbsp;Muzyka Organowa.&#8221;, po\u015bwi\u0119cone jest postaci jednego z&nbsp;najpopularniejszych polskich poet\u00f3w \u2013 ks.&nbsp;Jana Twardowskiego. Celem projektu jest popularyzacja kultury wy\u017cszej poprzez prezentacj\u0119 poezji ks.&nbsp;Jana Twardowskiego recytowanej przy akompaniamencie muzyki organowej. W&nbsp;pierwszej cz\u0119\u015bci spotkania recytacjom towarzyszy\u0107 b\u0119d\u0105 improwizacje organowe w&nbsp;wykonaniu dra Micha\u0142a D\u0105browskiego (organista Bazyliki \u015bw.&nbsp;Krzy\u017ca w&nbsp;Warszawie), a&nbsp;w&nbsp;drugiej cz\u0119\u015bci odb\u0119dzie niezwykle interesuj\u0105ce spotkanie z&nbsp;prelegentami, m. in. Waldemarem Smaszczem, przyjacielem i&nbsp;biografem ks.&nbsp;Jana Twardowskiego, ks.&nbsp;Stanis\u0142awem Banachem i&nbsp;ks.&nbsp;Jerzym Czarnot\u0105, by\u0142ymi studentami wielkiego poety.<br><br>**Wi\u0119cej info znajdziecie na plakacie<\/p><p>Wst\u0119p wolny! Zapraszamy wszystkich bardzo serdecznie!<\/p><p>Kontakt: 792&nbsp;310 413<br>kontakt@fundacjawieluserc.pl<br>.<br>.<br><a href=\"https:\/\/www.instagram.com\/explore\/tags\/poezja\/\">#poezja<\/a><a href=\"https:\/\/www.instagram.com\/explore\/tags\/muzykaorganowa\/\"> #muzykaorganowa<\/a><a href=\"https:\/\/www.instagram.com\/explore\/tags\/twardowski\/\"> #twardowski<\/a><a href=\"https:\/\/www.instagram.com\/explore\/tags\/warszawa\/\"> #warszawa<\/a><\/p><p><\/p>","protected":false},"excerpt":{"rendered":"<p>Kochani, mamy dla was wspania\u0142\u0105 wiosenn\u0105 wiadomo\u015b\u0107 \ud83d\ude0d Ju\u017c 24 kwietnia wsp\u00f3lnie z parafi\u0105 Bogurodzicy Maryi oraz przy wsparciu Urz\u0119du dzielnicy Bemowo odb\u0119dzie si\u0119: \ud83d\ude4c\ud83c\udffcWydarzenie s\u0142owno \u2014 muzyczne, pt.&nbsp;\u201eOrganowe Strofy. Poezja i&nbsp;Muzyka Organowa.&#8221;, po\u015bwi\u0119cone jest postaci jednego z&nbsp;najpopularniejszych polskich poet\u00f3w \u2013 ks.&nbsp;Jana Twardowskiego. Celem projektu jest popularyzacja kultury wy\u017cszej poprzez prezentacj\u0119 poezji ks.&nbsp;Jana Twardowskiego recytowanej [&hellip;]<\/p>\n","protected":false},"author":1,"featured_media":566,"comment_status":"open","ping_status":"open","sticky":false,"template":"","format":"standard","meta":{"footnotes":""},"categories":[29],"tags":[],"class_list":["post-504","post","type-post","status-publish","format-standard","has-post-thumbnail","hentry","category-aktualnosci"],"blocksy_meta":[],"_links":{"self":[{"href":"https:\/\/fundacjawieluserc.pl\/index.php\/wp-json\/wp\/v2\/posts\/504","targetHints":{"allow":["GET"]}}],"collection":[{"href":"https:\/\/fundacjawieluserc.pl\/index.php\/wp-json\/wp\/v2\/posts"}],"about":[{"href":"https:\/\/fundacjawieluserc.pl\/index.php\/wp-json\/wp\/v2\/types\/post"}],"author":[{"embeddable":true,"href":"https:\/\/fundacjawieluserc.pl\/index.php\/wp-json\/wp\/v2\/users\/1"}],"replies":[{"embeddable":true,"href":"https:\/\/fundacjawieluserc.pl\/index.php\/wp-json\/wp\/v2\/comments?post=504"}],"version-history":[{"count":8,"href":"https:\/\/fundacjawieluserc.pl\/index.php\/wp-json\/wp\/v2\/posts\/504\/revisions"}],"predecessor-version":[{"id":869,"href":"https:\/\/fundacjawieluserc.pl\/index.php\/wp-json\/wp\/v2\/posts\/504\/revisions\/869"}],"wp:featuredmedia":[{"embeddable":true,"href":"https:\/\/fundacjawieluserc.pl\/index.php\/wp-json\/wp\/v2\/media\/566"}],"wp:attachment":[{"href":"https:\/\/fundacjawieluserc.pl\/index.php\/wp-json\/wp\/v2\/media?parent=504"}],"wp:term":[{"taxonomy":"category","embeddable":true,"href":"https:\/\/fundacjawieluserc.pl\/index.php\/wp-json\/wp\/v2\/categories?post=504"},{"taxonomy":"post_tag","embeddable":true,"href":"https:\/\/fundacjawieluserc.pl\/index.php\/wp-json\/wp\/v2\/tags?post=504"}],"curies":[{"name":"wp","href":"https:\/\/api.w.org\/{rel}","templated":true}]}}