{"id":1594,"date":"2026-04-25T12:31:47","date_gmt":"2026-04-25T10:31:47","guid":{"rendered":"https:\/\/fundacjawieluserc.pl\/?p=1594"},"modified":"2026-04-25T12:34:10","modified_gmt":"2026-04-25T10:34:10","slug":"100-lecie-polskiej-poezji-kobiet-od-kazimiery-illakowiczowny-do-urszuli-koziol-30-kwietnia-2026-r-bialoleka","status":"publish","type":"post","link":"https:\/\/fundacjawieluserc.pl\/index.php\/2026\/04\/25\/100-lecie-polskiej-poezji-kobiet-od-kazimiery-illakowiczowny-do-urszuli-koziol-30-kwietnia-2026-r-bialoleka\/","title":{"rendered":"&#8222;100-lecie polskiej poezji kobiet&#8221;. Od Kazimiery I\u0142\u0142akowicz\u00f3wny do Urszuli Kozio\u0142. 30 kwietnia 2026 r. Bia\u0142o\u0142\u0119ka."},"content":{"rendered":"<p>S\u0105 s\u0142owa, kt\u00f3re rodz\u0105 si\u0119 z ciszy<br>i takie, kt\u00f3re przebijaj\u0105 si\u0119 przez ni\u0105 jak \u015bwiat\u0142o.<br>S\u0105 wiersze, kt\u00f3re nie pytaj\u0105 o zgod\u0119 &#8211;<br>tylko zostaj\u0105 w cz\u0142owieku na d\u0142ugo.<\/p><p>Zapraszamy na wyj\u0105tkowe spotkanie literackie,<br>w kt\u00f3rym przez poezj\u0119 kobiet spr\u00f3bujemy us\u0142ysze\u0107 wi\u0119cej &#8211;<br>wi\u0119cej emocji, wi\u0119cej prawdy, wi\u0119cej \u017cycia.<\/p><p><strong>\u201e100-lecie polskiej poezji kobiet\u201d<\/strong><br>to opowie\u015b\u0107 rozpisana na sto lat wra\u017cliwo\u015bci &#8211;<br>od subtelnych i przenikliwych wers\u00f3w Kazimiery I\u0142\u0142akowicz\u00f3wny,<br>po dojrza\u0142y, \u015bwiadomy i niezwykle poruszaj\u0105cy g\u0142os Urszuli Kozio\u0142.<\/p><p>To spotkanie z kobiecym do\u015bwiadczeniem zapisanym w s\u0142owie &#8211;<br>z mi\u0142o\u015bci\u0105 i strat\u0105, z czu\u0142o\u015bci\u0105 i si\u0142\u0105,<br>z tym, co by\u0142o przemilczane\u2026<br>i z tym, co wreszcie zosta\u0142o wypowiedziane.<\/p><p>Spotkanie poprowadzi wyj\u0105tkowy go\u015b\u0107 &#8211;<br><strong>Waldemar Smaszcz<\/strong>, znawca literatury,<br>kt\u00f3ry z uwa\u017cno\u015bci\u0105 i pasj\u0105 otworzy przed nami przestrze\u0144 interpretacji,<br>wydobywaj\u0105c z poezji to, co najg\u0142\u0119bsze i najprawdziwsze.<\/p><p>\ud83d\udcc5 <strong>30 kwietnia 2026 r.<\/strong><br>\u23f0 <strong>godz. 17:00<\/strong><br>\ud83d\udccd <strong>MAL Przystanek Poraj\u00f3w<\/strong><br>ul. Poraj\u00f3w 14, Warszawa<\/p><p>Wst\u0119p wolny.<br>Zapisy: tel. <strong>530 141 828<\/strong><\/p><p>To b\u0119dzie spotkanie, w kt\u00f3rym s\u0142owo stanie si\u0119 obecno\u015bci\u0105.<br>A poezja rozmow\u0105.<\/p><p>Przyjd\u017a.<br>Je\u015bli chcesz si\u0119 zatrzyma\u0107.<br>Je\u015bli chcesz poczu\u0107.<br>Je\u015bli wierzysz, \u017ce wiersz potrafi jeszcze dotkn\u0105\u0107 tego,<br>co w nas najdelikatniejsze i najprawdziwsze.<\/p><p>Organizatorzy:<br>Zarz\u0105d Dzielnicy Bia\u0142o\u0142\u0119ka m.st. Warszawy<br>oraz Fundacja Wielu Serc<\/p><p><strong>Projekt finansowany przez Wydzia\u0142 Kultury Dzielnicy Bia\u0142o\u0142\u0119ka.<\/strong><\/p>","protected":false},"excerpt":{"rendered":"<p>S\u0105 s\u0142owa, kt\u00f3re rodz\u0105 si\u0119 z ciszyi takie, kt\u00f3re przebijaj\u0105 si\u0119 przez ni\u0105 jak \u015bwiat\u0142o.S\u0105 wiersze, kt\u00f3re nie pytaj\u0105 o zgod\u0119 &#8211;tylko zostaj\u0105 w cz\u0142owieku na d\u0142ugo. Zapraszamy na wyj\u0105tkowe spotkanie literackie,w kt\u00f3rym przez poezj\u0119 kobiet spr\u00f3bujemy us\u0142ysze\u0107 wi\u0119cej &#8211;wi\u0119cej emocji, wi\u0119cej prawdy, wi\u0119cej \u017cycia. \u201e100-lecie polskiej poezji kobiet\u201dto opowie\u015b\u0107 rozpisana na sto lat wra\u017cliwo\u015bci [&hellip;]<\/p>\n","protected":false},"author":4,"featured_media":1595,"comment_status":"closed","ping_status":"closed","sticky":false,"template":"","format":"standard","meta":{"footnotes":""},"categories":[29,5,23],"tags":[131,130,118,132,128,140,139,129,35,141,133,102,41,62,127],"class_list":["post-1594","post","type-post","status-publish","format-standard","has-post-thumbnail","hentry","category-aktualnosci","category-ogloszenia","category-zaplanowane-wydarzenia","tag-anna-swirszczynska","tag-beata-obertynska","tag-bialoleka","tag-halina-poswiatowska","tag-kazimiera-illakowiczowna","tag-literatua","tag-mal-przystanek-porajow","tag-maria-pawlikowska-jasnorzewska","tag-poezja","tag-poezja-kobiet","tag-urszula-koziol","tag-waldemar-smaszcz","tag-waldemarsmaszcz","tag-wiersz","tag-wislawa-szymborska"],"blocksy_meta":[],"_links":{"self":[{"href":"https:\/\/fundacjawieluserc.pl\/index.php\/wp-json\/wp\/v2\/posts\/1594","targetHints":{"allow":["GET"]}}],"collection":[{"href":"https:\/\/fundacjawieluserc.pl\/index.php\/wp-json\/wp\/v2\/posts"}],"about":[{"href":"https:\/\/fundacjawieluserc.pl\/index.php\/wp-json\/wp\/v2\/types\/post"}],"author":[{"embeddable":true,"href":"https:\/\/fundacjawieluserc.pl\/index.php\/wp-json\/wp\/v2\/users\/4"}],"replies":[{"embeddable":true,"href":"https:\/\/fundacjawieluserc.pl\/index.php\/wp-json\/wp\/v2\/comments?post=1594"}],"version-history":[{"count":1,"href":"https:\/\/fundacjawieluserc.pl\/index.php\/wp-json\/wp\/v2\/posts\/1594\/revisions"}],"predecessor-version":[{"id":1596,"href":"https:\/\/fundacjawieluserc.pl\/index.php\/wp-json\/wp\/v2\/posts\/1594\/revisions\/1596"}],"wp:featuredmedia":[{"embeddable":true,"href":"https:\/\/fundacjawieluserc.pl\/index.php\/wp-json\/wp\/v2\/media\/1595"}],"wp:attachment":[{"href":"https:\/\/fundacjawieluserc.pl\/index.php\/wp-json\/wp\/v2\/media?parent=1594"}],"wp:term":[{"taxonomy":"category","embeddable":true,"href":"https:\/\/fundacjawieluserc.pl\/index.php\/wp-json\/wp\/v2\/categories?post=1594"},{"taxonomy":"post_tag","embeddable":true,"href":"https:\/\/fundacjawieluserc.pl\/index.php\/wp-json\/wp\/v2\/tags?post=1594"}],"curies":[{"name":"wp","href":"https:\/\/api.w.org\/{rel}","templated":true}]}}