{"id":1591,"date":"2026-04-25T12:23:24","date_gmt":"2026-04-25T10:23:24","guid":{"rendered":"https:\/\/fundacjawieluserc.pl\/?p=1591"},"modified":"2026-04-25T12:38:09","modified_gmt":"2026-04-25T10:38:09","slug":"100-lecie-polskiej-poezji-kobiet-od-kazimiery-illakowiczowny-do-urszuli-koziol-29-kwietnia-2026-r-bemowo","status":"publish","type":"post","link":"https:\/\/fundacjawieluserc.pl\/index.php\/2026\/04\/25\/100-lecie-polskiej-poezji-kobiet-od-kazimiery-illakowiczowny-do-urszuli-koziol-29-kwietnia-2026-r-bemowo\/","title":{"rendered":"&#8222;100-lecie polskiej poezji kobiet&#8221;. Od Kazimiery I\u0142\u0142akowicz\u00f3wny do Urszuli Kozio\u0142. 29 kwietnia 2026 r. Bemowo."},"content":{"rendered":"<p>S\u0105 g\u0142osy, kt\u00f3re nie milkn\u0105.<br>Nawet wtedy, gdy zamykamy ksi\u0105\u017ck\u0119.<br>S\u0105 s\u0142owa, kt\u00f3re nie przemijaj\u0105 &#8211; <br>bo zosta\u0142y zapisane nie tylko atramentem,<br>ale do\u015bwiadczeniem, czu\u0142o\u015bci\u0105 i buntem.<\/p><p>Zapraszamy na wiecz\u00f3r, w kt\u00f3rym poezja kobiet stanie si\u0119 przestrzeni\u0105 spotkania &#8211; <br>z histori\u0105, z emocj\u0105, z drugim cz\u0142owiekiem.<\/p><p>\u201e100-lecie polskiej poezji kobiet\u201d<br>to podr\u00f3\u017c przez czas i wra\u017cliwo\u015b\u0107 &#8211; <br>od subtelnej i przenikliwej Kazimiery I\u0142\u0142akowicz\u00f3wny,<br>przez zmys\u0142owo\u015b\u0107 i lekko\u015b\u0107 Marii Pawlikowskiej-Jasnorzewskiej,<br>po g\u0142\u0119boki, cz\u0119sto bezkompromisowy g\u0142os wsp\u00f3\u0142czesno\u015bci Urszuli Kozio\u0142.<\/p><p>To opowie\u015b\u0107 o \u015bwiecie widzianym oczami kobiet &#8211; <br>pe\u0142nym mi\u0142o\u015bci i straty, cia\u0142a i ducha, ciszy i krzyku.<br>O tym, co by\u0142o przemilczane.<br>I o tym, co w ko\u0144cu zosta\u0142o wypowiedziane.<\/p><p>W tym wyj\u0105tkowym spotkaniu towarzyszy\u0107 nam b\u0119dzie Waldemar Smaszcz &#8211; <br>znawca literatury, kt\u00f3ry z czu\u0142o\u015bci\u0105 i wnikliwo\u015bci\u0105 poprowadzi nas przez te g\u0142osy,<br>wydobywaj\u0105c z nich to, co najwa\u017cniejsze i naj\u017cywsze.<\/p><p><strong>29 kwietnia 2026 roku o godz. 18:30<\/strong><br><strong>Bemowskie Centrum Kultury (MAL Dwa Jelonki), ul. Roz\u0142ogi 18, Bemowo<\/strong><\/p><p>Organizatorem spotkania jest Bemowskie Centrum Kultury<br>oraz Fundacja Wielu Serc &#8211; z potrzeby serca i mi\u0142o\u015bci do s\u0142owa.<\/p><p>Przyjd\u017a &#8211;<br>je\u015bli chcesz pos\u0142ucha\u0107.<br>Przyjd\u017a &#8211;<br>je\u015bli chcesz poczu\u0107.<br>Przyjd\u017a &#8211;<br>je\u015bli wierzysz, \u017ce poezja wci\u0105\u017c potrafi poruszy\u0107 to, co najg\u0142\u0119biej ukryte.<\/p><p>Wst\u0119p wolny.<br>S\u0142owa &#8211; bezcenne.<\/p><p>Wydarzenie finansowane przez Bemowskie Centrum Kultury.<\/p><p><\/p>","protected":false},"excerpt":{"rendered":"<p>S\u0105 g\u0142osy, kt\u00f3re nie milkn\u0105.Nawet wtedy, gdy zamykamy ksi\u0105\u017ck\u0119.S\u0105 s\u0142owa, kt\u00f3re nie przemijaj\u0105 &#8211; bo zosta\u0142y zapisane nie tylko atramentem,ale do\u015bwiadczeniem, czu\u0142o\u015bci\u0105 i buntem. Zapraszamy na wiecz\u00f3r, w kt\u00f3rym poezja kobiet stanie si\u0119 przestrzeni\u0105 spotkania &#8211; z histori\u0105, z emocj\u0105, z drugim cz\u0142owiekiem. \u201e100-lecie polskiej poezji kobiet\u201dto podr\u00f3\u017c przez czas i wra\u017cliwo\u015b\u0107 &#8211; od subtelnej [&hellip;]<\/p>\n","protected":false},"author":4,"featured_media":1592,"comment_status":"closed","ping_status":"closed","sticky":false,"template":"","format":"standard","meta":{"footnotes":""},"categories":[29,5,23],"tags":[131,130,137,134,132,128,136,138,129,135,35,120,133,102,39,127],"class_list":["post-1591","post","type-post","status-publish","format-standard","has-post-thumbnail","hentry","category-aktualnosci","category-ogloszenia","category-zaplanowane-wydarzenia","tag-anna-swirszczynska","tag-beata-obertynska","tag-bemowskie-centrum-kultury","tag-fundacja-wielu-serc","tag-halina-poswiatowska","tag-kazimiera-illakowiczowna","tag-kobiety-poetki","tag-mal-dwa-jelonki","tag-maria-pawlikowska-jasnorzewska","tag-poetki","tag-poezja","tag-spotkanie-literackie","tag-urszula-koziol","tag-waldemar-smaszcz","tag-warszawa","tag-wislawa-szymborska"],"blocksy_meta":[],"_links":{"self":[{"href":"https:\/\/fundacjawieluserc.pl\/index.php\/wp-json\/wp\/v2\/posts\/1591","targetHints":{"allow":["GET"]}}],"collection":[{"href":"https:\/\/fundacjawieluserc.pl\/index.php\/wp-json\/wp\/v2\/posts"}],"about":[{"href":"https:\/\/fundacjawieluserc.pl\/index.php\/wp-json\/wp\/v2\/types\/post"}],"author":[{"embeddable":true,"href":"https:\/\/fundacjawieluserc.pl\/index.php\/wp-json\/wp\/v2\/users\/4"}],"replies":[{"embeddable":true,"href":"https:\/\/fundacjawieluserc.pl\/index.php\/wp-json\/wp\/v2\/comments?post=1591"}],"version-history":[{"count":3,"href":"https:\/\/fundacjawieluserc.pl\/index.php\/wp-json\/wp\/v2\/posts\/1591\/revisions"}],"predecessor-version":[{"id":1600,"href":"https:\/\/fundacjawieluserc.pl\/index.php\/wp-json\/wp\/v2\/posts\/1591\/revisions\/1600"}],"wp:featuredmedia":[{"embeddable":true,"href":"https:\/\/fundacjawieluserc.pl\/index.php\/wp-json\/wp\/v2\/media\/1592"}],"wp:attachment":[{"href":"https:\/\/fundacjawieluserc.pl\/index.php\/wp-json\/wp\/v2\/media?parent=1591"}],"wp:term":[{"taxonomy":"category","embeddable":true,"href":"https:\/\/fundacjawieluserc.pl\/index.php\/wp-json\/wp\/v2\/categories?post=1591"},{"taxonomy":"post_tag","embeddable":true,"href":"https:\/\/fundacjawieluserc.pl\/index.php\/wp-json\/wp\/v2\/tags?post=1591"}],"curies":[{"name":"wp","href":"https:\/\/api.w.org\/{rel}","templated":true}]}}